{"id":268,"date":"2011-01-20T18:06:13","date_gmt":"2011-01-20T18:06:13","guid":{"rendered":"http:\/\/www.mostraanguafrancesa.com.br\/?p=268"},"modified":"2022-01-24T19:20:14","modified_gmt":"2022-01-24T19:20:14","slug":"sessao-angu-de-ouro-com-show-festa-e-voto-popular","status":"publish","type":"post","link":"https:\/\/matecomangu.org\/mostraanguafrancesa\/sessao-angu-de-ouro-com-show-festa-e-voto-popular\/","title":{"rendered":"Sess\u00e3o Angu de Ouro, com show, festa e voto popular!"},"content":{"rendered":"<div>\n<p>\u00c9, gente, parece uma coisa meio no esp\u00edrito\u00a0<em>Rock&#8217;n Rio em Lisboa<\/em>, mas \u00e9 isso mesmo: semana que vem, 26 de janeiro de 2011, vamos fazer a sess\u00e3o\u00a0<strong>Angu de Ouro<\/strong>, nossa tradicional entrega do trof\u00e9u mais gostoso e nutritivo do cinema nacional. \ud83d\ude42<\/p>\n<p>Dia 27 de novembro \u00faltimo, o Angu de Ouro encerraria a\u00a0<strong><a title=\"Mostra Angu \u00e0 Francesa\" href=\"http:\/\/http\/\/www.mostraanguafrancesa.com.br\" target=\"_blank\" rel=\"noopener\">Mostra Angu \u00e0 Francesa<\/a><\/strong>, evento hist\u00f3rico que mobilizou muita gente e muita energia para Duque de Caxias, gente de v\u00e1rios lugares do pa\u00eds &#8211; e do mundo; uma semana de filmes, debates, oficinas, atividades culturais e muita vibra\u00e7\u00e3o por parte do p\u00fablico, dos organizadores e dos amigos que acreditam na for\u00e7a da cultura contra a bo\u00e7alidade.<\/p>\n<p>Pois bem, o encerramento infelizmente n\u00e3o aconteceu devido \u00e0 surrealidade dos acontecimentos ligados \u00e0 viol\u00eancia no Estado, sendo o dia 27 uma esp\u00e9cie de macabro feriado, uma suspens\u00e3o kafkiana do dia a dia das cidades &#8211; tudo fechou ou foi cancelado. Sinistro.<\/p>\n<p>Por isso mesmo, em pleno calor de janeiro, voltamos pra fechar esse c\u00edrculo com ainda mais for\u00e7a!!<\/p>\n<p>Al\u00e9m da exibi\u00e7\u00e3o de uma sele\u00e7\u00e3o maneira dos filmes que rolaram na tela do Mate em 2010, teremos VJing com\u00a0<strong>VJ China<\/strong>, discotecagem possante com\u00a0<strong>DJ Saens Pe\u00f1a<\/strong> e show com os intr\u00e9pidos m\u00fasicos do\u00a0<strong>Wagner Jos\u00e9 e Seu Bando<\/strong>.<\/p>\n<p>E, al\u00e9m do pr\u00eamio da Curadoria, a estrela da noite \u00e9&#8230;\u00a0<strong>VOC\u00ca<\/strong>! Isso mesmo: o pr\u00eamio principal \u00e9 o p\u00fablico que decide.<\/p>\n<p>Venha curtir e perder a linha com a gente!<\/p>\n<p>abra\u00e7os nutritivos,<br \/>\n<strong>Cineclube Mate Com Angu<\/strong><\/p>\n<p><strong><a href=\"http:\/\/matecomangu.files.wordpress.com\/2011\/01\/angoodouro2010.jpg\"><img loading=\"lazy\" decoding=\"async\" title=\"Pr\u00eamio Angu de Ouro 2010\" src=\"http:\/\/matecomangu.files.wordpress.com\/2011\/01\/angoodouro2010.jpg\" alt=\"Pr\u00eamio Angu de Ouro 2010\" width=\"450\" height=\"637\" \/><\/a><\/strong><\/p>\n<p>E, lembrando, esta \u00e9 a lista dos filmes indicados ao\u00a0<strong>Angu de Ouro 2010:<\/strong><\/p>\n<p>Filmes:<\/p>\n<p><strong>Tempo de Crian\u00e7a<\/strong>, de Wagner Novais<\/p>\n<p><strong>O Cara Bolad\u00e3o<\/strong>, de JP Carpalhau e os Camaradas<\/p>\n<p><strong>Hombre Atado a Una Silla, <\/strong>de El BPS<\/p>\n<p><strong>Direitos Esquecidos: Moradia na Periferia<\/strong>, de Brigada Cultural MTST<\/p>\n<p><strong>Muito Al\u00e9m do Chuveiro<\/strong>, de Poliana Paiva<\/p>\n<p><strong>Ave Maria ou M\u00e3e dos Sertanejos<\/strong>, de Camilo Cavalcante<\/p>\n<p><strong>O Homem da Cabe\u00e7a de Papel\u00e3o<\/strong>, de Carlos Canela<\/p>\n<p>\u2014\u2014\u2013<\/p>\n<p>A ordem de exibi\u00e7\u00e3o \u00e9 aleat\u00f3ria, utilizando a velha metodologia m\u00e3o-no-saco\u00a0<img decoding=\"async\" src=\"http:\/\/s1.wp.com\/wp-includes\/images\/smilies\/icon_wink.gif?m=1234390434g\" alt=\";)\" \/><\/p>\n<p>O trof\u00e9u Angu de Ouro, nosso tradicional prato, deste ano foi produzido pelo artista pl\u00e1stico\u00a0<strong>Marco Bomfim<\/strong>. Valeu!<\/p>\n<\/div>\n","protected":false},"excerpt":{"rendered":"<p>\u00c9, gente, parece uma coisa meio no esp\u00edrito\u00a0Rock&#8217;n Rio em Lisboa, mas \u00e9 isso mesmo: semana que vem, 26 de janeiro de 2011, vamos fazer a sess\u00e3o\u00a0Angu de Ouro, nossa tradicional entrega do trof\u00e9u mais gostoso e nutritivo do cinema &hellip; <a href=\"https:\/\/matecomangu.org\/mostraanguafrancesa\/sessao-angu-de-ouro-com-show-festa-e-voto-popular\/\">Continuar lendo <span class=\"meta-nav\">&rarr;<\/span><\/a><\/p>\n","protected":false},"author":2,"featured_media":0,"comment_status":"closed","ping_status":"open","sticky":false,"template":"","format":"standard","meta":{"footnotes":""},"categories":[3],"tags":[7,6,8],"class_list":["post-268","post","type-post","status-publish","format-standard","hentry","category-novidades","tag-angu-a-francesa","tag-angu-de-ouro","tag-duque-de-caxias"],"_links":{"self":[{"href":"https:\/\/matecomangu.org\/mostraanguafrancesa\/wp-json\/wp\/v2\/posts\/268","targetHints":{"allow":["GET"]}}],"collection":[{"href":"https:\/\/matecomangu.org\/mostraanguafrancesa\/wp-json\/wp\/v2\/posts"}],"about":[{"href":"https:\/\/matecomangu.org\/mostraanguafrancesa\/wp-json\/wp\/v2\/types\/post"}],"author":[{"embeddable":true,"href":"https:\/\/matecomangu.org\/mostraanguafrancesa\/wp-json\/wp\/v2\/users\/2"}],"replies":[{"embeddable":true,"href":"https:\/\/matecomangu.org\/mostraanguafrancesa\/wp-json\/wp\/v2\/comments?post=268"}],"version-history":[{"count":2,"href":"https:\/\/matecomangu.org\/mostraanguafrancesa\/wp-json\/wp\/v2\/posts\/268\/revisions"}],"predecessor-version":[{"id":289,"href":"https:\/\/matecomangu.org\/mostraanguafrancesa\/wp-json\/wp\/v2\/posts\/268\/revisions\/289"}],"wp:attachment":[{"href":"https:\/\/matecomangu.org\/mostraanguafrancesa\/wp-json\/wp\/v2\/media?parent=268"}],"wp:term":[{"taxonomy":"category","embeddable":true,"href":"https:\/\/matecomangu.org\/mostraanguafrancesa\/wp-json\/wp\/v2\/categories?post=268"},{"taxonomy":"post_tag","embeddable":true,"href":"https:\/\/matecomangu.org\/mostraanguafrancesa\/wp-json\/wp\/v2\/tags?post=268"}],"curies":[{"name":"wp","href":"https:\/\/api.w.org\/{rel}","templated":true}]}}