{"id":1046,"date":"2013-04-11T05:08:00","date_gmt":"2013-04-11T05:08:00","guid":{"rendered":"http:\/\/matecomangu.org\/site\/?p=1046"},"modified":"2013-04-11T05:08:00","modified_gmt":"2013-04-11T05:08:00","slug":"invasao-ao-odeon-br","status":"publish","type":"post","link":"https:\/\/matecomangu.org\/site\/invasao-ao-odeon-br\/","title":{"rendered":"Invas\u00e3o ao Odeon Br!"},"content":{"rendered":"<p>Isso mesmo: o Cine Odeon, uma esp\u00e9cie de Maracan\u00e3 do Cinema, vai receber uma sess\u00e3o especial programada pelo cineclube Mate Com Angu, coletivo de audiovisual com 11 anos de estrada.<\/p>\n<p><a href=\"http:\/\/www.grupoestacao.com.br\/programacao\/php\/programacao_rj.php\" target=\"_blank\">http:\/\/www.grupoestacao.com.br\/programacao\/php\/programacao_rj.php<\/a><\/p>\n<p>A sess\u00e3o come\u00e7a \u00e0s 21h e ap\u00f3s haver\u00e1 uma grande festa na Lapa, no Pica-Pau Cultural, com show das bandas Refl\u00e9zia e Vulc\u00e2nicos.<\/p>\n<p><a href=\"https:\/\/www.facebook.com\/events\/129681947217803\/\" target=\"_blank\">SESS\u00c3O CARTA BRANCA<\/a><br \/>\n<a href=\"https:\/\/www.facebook.com\/events\/129681947217803\/\" target=\"_blank\">Curadoria CINECLUBE MATE COM ANGU<\/a><br \/>\nQuinta, dia 11 de abril, \u00e0s 21h, Odeon Petrobras<br \/>\ningressos: 8,00 (meia: 4,00)<\/p>\n<p>Festa:\u00a0<em id=\"__mceDel\">Tico e Taco da Lapa, com show dos Vulc\u00e2nicos e DJs da Junkie Session!<\/em><\/p>\n<p><em id=\"__mceDel\"><em id=\"__mceDel\"><a href=\"https:\/\/www.facebook.com\/events\/319017241558289\/\" target=\"_blank\" rel=\"nofollow\">https:\/\/www.facebook.com\/<wbr \/>events\/319017241558289\/<\/a><\/em><\/em><\/p>\n<p><img loading=\"lazy\" decoding=\"async\" alt=\"picapau-mate\" src=\"http:\/\/lurdinha.org\/site\/wp-content\/uploads\/picapau-mate.jpg\" width=\"349\" height=\"443\" \/><\/p>\n<p><a href=\"http:\/\/lurdinha.org\/site\/wp-content\/uploads\/mateodeon.jpg\"><img loading=\"lazy\" decoding=\"async\" alt=\"mateodeon\" src=\"http:\/\/lurdinha.org\/site\/wp-content\/uploads\/mateodeon.jpg\" width=\"349\" height=\"329\" \/><\/a><\/p>\n","protected":false},"excerpt":{"rendered":"<p>Isso mesmo: o Cine Odeon, uma esp\u00e9cie de Maracan\u00e3 do Cinema, vai receber uma sess\u00e3o especial programada pelo cineclube Mate Com Angu, coletivo de audiovisual com 11 anos de estrada. http:\/\/www.grupoestacao.com.br\/programacao\/php\/programacao_rj.php A sess\u00e3o come\u00e7a \u00e0s 21h e ap\u00f3s haver\u00e1 uma grande festa na Lapa, no Pica-Pau Cultural, com show das\u2026 <a class=\"continue-reading-link\" href=\"https:\/\/matecomangu.org\/site\/invasao-ao-odeon-br\/\">Ler o post inteiro<\/a><\/p>\n","protected":false},"author":1,"featured_media":0,"comment_status":"open","ping_status":"closed","sticky":false,"template":"","format":"standard","meta":{"footnotes":""},"categories":[16,22],"tags":[],"class_list":["post-1046","post","type-post","status-publish","format-standard","hentry","category-agenda","category-sessao"],"views":1999,"_links":{"self":[{"href":"https:\/\/matecomangu.org\/site\/wp-json\/wp\/v2\/posts\/1046","targetHints":{"allow":["GET"]}}],"collection":[{"href":"https:\/\/matecomangu.org\/site\/wp-json\/wp\/v2\/posts"}],"about":[{"href":"https:\/\/matecomangu.org\/site\/wp-json\/wp\/v2\/types\/post"}],"author":[{"embeddable":true,"href":"https:\/\/matecomangu.org\/site\/wp-json\/wp\/v2\/users\/1"}],"replies":[{"embeddable":true,"href":"https:\/\/matecomangu.org\/site\/wp-json\/wp\/v2\/comments?post=1046"}],"version-history":[{"count":1,"href":"https:\/\/matecomangu.org\/site\/wp-json\/wp\/v2\/posts\/1046\/revisions"}],"predecessor-version":[{"id":1047,"href":"https:\/\/matecomangu.org\/site\/wp-json\/wp\/v2\/posts\/1046\/revisions\/1047"}],"wp:attachment":[{"href":"https:\/\/matecomangu.org\/site\/wp-json\/wp\/v2\/media?parent=1046"}],"wp:term":[{"taxonomy":"category","embeddable":true,"href":"https:\/\/matecomangu.org\/site\/wp-json\/wp\/v2\/categories?post=1046"},{"taxonomy":"post_tag","embeddable":true,"href":"https:\/\/matecomangu.org\/site\/wp-json\/wp\/v2\/tags?post=1046"}],"curies":[{"name":"wp","href":"https:\/\/api.w.org\/{rel}","templated":true}]}}