{"id":1219,"date":"2013-09-17T02:24:40","date_gmt":"2013-09-17T02:24:40","guid":{"rendered":"http:\/\/matecomangu.org\/site\/?p=1219"},"modified":"2013-09-17T02:26:25","modified_gmt":"2013-09-17T02:26:25","slug":"favela-na-tela-mostra-criativos-populares","status":"publish","type":"post","link":"https:\/\/matecomangu.org\/site\/favela-na-tela-mostra-criativos-populares\/","title":{"rendered":"Favela na Tela \u2013 Mostra Criativos Populares"},"content":{"rendered":"<p><strong>O<\/strong><strong> Projeto Cinem\u00e3o apresenta durante o m\u00eas de setembro o \u201cFavela na Tela \u2013 Mostra Criativos Populares\u201d. A mostra gratuita exibir\u00e1 longas e curtas-metragens e promover\u00e1 debates regados a pipocas. Todas as sess\u00f5es t\u00eam a favela e seus \u201ccrias\u201d como tem\u00e1tica central. Haver\u00e1 tamb\u00e9m\u00a0uma exposi\u00e7\u00e3o fotogr\u00e1fica.<\/strong><\/p>\n<p>O Cinem\u00e3o privilegiou filmes dirigidos por moradores de comunidade e bairros populares do Rio de Janeiro. O projeto tamb\u00e9m contou com a curadoria volunt\u00e1ria da produtora Cav\u00eddeo e do coletivo Cineclube Mate com Angu, da Baixada Fluminense.<\/p>\n<p>O Favela na Tela percorrer\u00e1 quatro comunidades: Arar\u00e1 (14\/9), Jacar\u00e9 (15\/9), Andara\u00ed (21\/9) e Nova Divin\u00e9ia (22\/9). As sess\u00f5es come\u00e7am sempre \u00e0s 18h30.<\/p>\n<p><img loading=\"lazy\" decoding=\"async\" class=\"alignnone size-full wp-image-1220\" alt=\"Favela na Tela \u2013 Mostra Criativos Populares\" src=\"http:\/\/matecomangu.org\/site\/wp-content\/uploads\/criativos-populares.jpg\" width=\"350\" height=\"581\" srcset=\"https:\/\/matecomangu.org\/site\/wp-content\/uploads\/criativos-populares.jpg 350w, https:\/\/matecomangu.org\/site\/wp-content\/uploads\/criativos-populares-180x300.jpg 180w\" sizes=\"auto, (max-width: 350px) 100vw, 350px\" \/><\/p>\n<h3>Longas<\/h3>\n<p>Pr\u00e9-Estreia Nacional \u201c<strong>Remo\u00e7\u00e3o<\/strong>\u201d \u2013 Filme document\u00e1rio sobre o processo de remo\u00e7\u00e3o das favelas da zona sul do Rio de Janeiro (Parque Prolet\u00e1rio da G\u00e1vea, na G\u00e1vea; Praia do Pinto, no Leblon; Ilha das Dragas e Morro da Catacumba, na Lagoa; Morro Macedo Sobrinho, em Botafogo e Morro do Pasmado, em Copacabana), nas d\u00e9cadas de 1960 e 1970, que deram origem \u00e0 primeira experi\u00eancia de cria\u00e7\u00e3o de conjuntos habitacionais, criando os conjuntos de Vila Kennedy, Vila Alian\u00e7a, Cidade de Deus, Cidade Alta, em Cordovil, Dom Jayma C\u00e2mara, em Padre Miguel, e a Cruzada S\u00e3o Sebasti\u00e3o. (Dirigido por Luiz Ant\u00f4nio Pilar e Anderson Quack \u2013 Central \u00danica das Favelas)<\/p>\n<p>\u201c<strong>Onde a Coruja Dorme<\/strong>\u201d \u2013 Bezerra da Silva vai \u201conde a coruja dorme\u201d. Dos morros cariocas e da Baixada Fluminense vem uma das produ\u00e7\u00f5es musicais mais interessantes do Brasil: sambas feitos por trabalhadores, cr\u00f4nicas c\u00e1usticas, mas bem-humoradas de compositores an\u00f4nimos garimpados por Bezerra. (Dire\u00e7\u00e3o: Marcia Derraik e Simpl\u00edcio Neto)<\/p>\n<h3>S\u00e9rie Documental<\/h3>\n<p>\u201c<strong>Periferias Musicais<\/strong>\u201d \u2013 A s\u00e9rie Periferias Musicais revela 16 talentos das favelas e periferias do Rio de Janeiro, indicados por correspondentes comunit\u00e1rios do portal \u201d Viva Favela\u201d e curadores convidados. Realiza\u00e7\u00e3o: Viva Rio<\/p>\n<h3>Curtas<\/h3>\n<p>\u201c<strong>Mc Magalh\u00e3es uma lenda viva do funk<\/strong>\u201d \u2013 Registro po\u00e9tico na rotina desse artista \u00edcone do funk carioca. Conhecido por ser um perform\u00e1tico vendedor ambulante, sua interven\u00e7\u00e3o urbana j\u00e1 atravessa gera\u00e7\u00f5es e diversas lendas s\u00e3o criadas ao seu respeito. (Dire\u00e7\u00e3o: Marcelo Gularte)<\/p>\n<p>\u201c<strong>Proibid\u00e3o<\/strong>\u201d \u2013 A partir da hist\u00f3ria do MC Smith, jovem morador do Complexo da Penha, na zona norte do Rio, o filme busca entender o fen\u00f4meno do funk proibido, sua origem e sucesso. (Dire\u00e7\u00e3o: Ludmila Curi e Guilherme Arruda)<\/p>\n<p>\u201c<strong>Queimado<\/strong>\u201d \u2013 O cotidiano embotado, ruidoso e solit\u00e1rio de Grande ser\u00e1 invadido pela express\u00e3o visceral da natureza. Jana\u00edna virou mulher. (Dire\u00e7\u00e3o: Igor Barradas)<\/p>\n<p>\u201c<strong>A distra\u00e7\u00e3o de Ivan<\/strong>\u201d \u2013 O filme conta de forma l\u00edrica a hist\u00f3ria de Ivan, um menino de 11 anos que vive com a av\u00f3 no sub\u00farbio do Rio de Janeiro e amadurece em meio ao cotidiano de brincadeiras e brigas com os amigos. (Dire\u00e7\u00e3o: Gustavo Melo e Cavi Borges)<\/p>\n<p>\u201c<strong>Deixa Voar<\/strong>\u201d (5x Favelas) \u2013 Fl\u00e1vio, de 17 anos, deixa que a pipa de um amigo voe. Para busc\u00e1-la ele precisa ir \u00e0 favela de uma fac\u00e7\u00e3o rival. Mesmo com medo, ele decide buscar a pipa. (Dire\u00e7\u00e3o: Cadu Barcelos)<\/p>\n<p>\u201c<strong>Tempo de Crian\u00e7a<\/strong>\u201d \u2013 Uma constru\u00e7\u00e3o poeticamente dram\u00e1tica sobre o cotidiano de uma menina, que tem que ser grande quando a m\u00e3e n\u00e3o est\u00e1 em casa. (Dire\u00e7\u00e3o: Vagner Novaes)<\/p>\n<p>\u201c<strong>Tornado<\/strong>\u201d \u2013 Um tornado atinge a periferia do Rio de Janeiro. (Dire\u00e7\u00e3o: Luciano Vidigal)<\/p>\n<p>\u201c<strong>7 min<\/strong>\u201d \u2013 Os \u00faltimos sete minutos de vida de um traficante de drogas. (Dire\u00e7\u00e3o: Julio Pecly e Paulo silva)<\/p>\n<p>\u201c<strong>Picol\u00e9, pintinho e pipa<\/strong>\u201c- O carro do troca-troca est\u00e1 passando na sua rua: garrafa velha, bacia velha, garraf\u00e3o de vinho vazio, motor de geladeira; o mo\u00e7o troca por picol\u00e9, pintinho e pipa. (Dire\u00e7\u00e3o: Gustavo de Melo)<\/p>\n<p>\u201c<strong>Pra ser cantora \u00e9 s\u00f3 me deixarem cantar<\/strong>\u201d \u2013 Com mais de 70 anos, Mariuz\u00e1 esbanja talento e quer reviver os tempos \u00e1ureos da fama. (Dire\u00e7\u00e3o: Alberto Bellezia)<\/p>\n<p>\u201c<strong>Consciente Irracional<\/strong>\u201d \u2013 Um momento da vida de um jovem mergulhado no mundo das drogas, pagando as consequ\u00eancias de sua consci\u00eancia irracional. (Dire\u00e7\u00e3o: Erick Maxmiano \/ Coletivo Favela Filmes)<\/p>\n<p>\u201c<strong>Colet\u00e2nia de Curtas Cineclube Mate Com Angu<\/strong>\u201d \u2013 Mais de duas horas de programa\u00e7\u00e3o de filmes realizados durante 10 anos do coletivo da Baixada Fluminense.<\/p>\n<h3>Experimentais<\/h3>\n<p>\u201c<strong>Medita\u00e7\u00e3o<\/strong>\u201d \u2013\u00a0Curta-metragem experimental em HD feito por Careca Arts e Kapella.\u00a0(Dire\u00e7\u00e3o: Careca Arts)<\/p>\n<p>\u201c<strong>Bromelio in action<\/strong>\u201d \u2013\u00a0Brom\u00e9lio interage com um corpo estranho espetado no meio da selva. Primeira de uma s\u00e9rie de v\u00e1rias aventuras revolucion\u00e1rias. (Dire\u00e7\u00e3o: Careca Arts \u2013 Arar\u00e1)<\/p>\n<h3>Fotografia \u2013 Exposi\u00e7\u00e3o Digital<\/h3>\n<p>\u201c<strong>Viver na Favela<\/strong>\u201d<br \/>\nFot\u00f3grafo: Jo\u00e3o Lima nasceu em Parna\u00edba, Piau\u00ed, em 1988. Desde os 9 anos mora no Rio de Janeiro, onde graduou-se em Jornalismo pela PUC-Rio. Desde 2012, integra coletivos de fotografia e registra a beleza e o cotidiano das favelas cariocas. Tamb\u00e9m \u00e9 apaixonado por cinema.<\/p>\n<h3>Servi\u00e7o<\/h3>\n<p><strong>Favela na Tela \u2013 Mostra Criativos Populares<\/strong><br \/>\nDia 14 de setembro, s\u00e1bado<br \/>\n<span>Pra\u00e7a Matupiri, sem n\u00famero, Arar\u00e1\u00a0(refer\u00eancia: creche Arara Azul)<\/span><\/p>\n<p>Dia 15 de setembro, domingo<br \/>\n<span>Quadra do Azul \u2013 Jacarezinho,\u00a0Jacar\u00e9<\/span><\/p>\n<p>Dia 21 de setembro, s\u00e1bado<br \/>\n<span>Rua Leopoldo, 497 \u2013 Pra\u00e7a da Mina,\u00a0Andara\u00ed<\/span><\/p>\n<p>Dia 22 de setembro, domingo<br \/>\n<span>Rua Engenheiro Morsing, 220, Nova Divin\u00e9ia \u2013 Andara\u00ed\u00a0(refer\u00eancia: na frente da cabine da UPP. A rua ser\u00e1 fechada no dia da mostra)<\/span><\/p>\n<p>Mais informa\u00e7\u00f5es: <a href=\"www.cinemao.org\" target=\"_blank\">www.cinemao.org<\/a><\/p>\n<p>&nbsp;<\/p>\n","protected":false},"excerpt":{"rendered":"<p>O Projeto Cinem\u00e3o apresenta durante o m\u00eas de setembro o \u201cFavela na Tela \u2013 Mostra Criativos Populares\u201d. A mostra gratuita exibir\u00e1 longas e curtas-metragens e promover\u00e1 debates regados a pipocas. Todas as sess\u00f5es t\u00eam a favela e seus \u201ccrias\u201d como tem\u00e1tica central. Haver\u00e1 tamb\u00e9m\u00a0uma exposi\u00e7\u00e3o fotogr\u00e1fica. O Cinem\u00e3o privilegiou filmes\u2026 <a class=\"continue-reading-link\" href=\"https:\/\/matecomangu.org\/site\/favela-na-tela-mostra-criativos-populares\/\">Ler o post inteiro<\/a><\/p>\n","protected":false},"author":1,"featured_media":1220,"comment_status":"open","ping_status":"closed","sticky":false,"template":"","format":"standard","meta":{"footnotes":""},"categories":[16,3],"tags":[61,60,58,59],"class_list":["post-1219","post","type-post","status-publish","format-standard","has-post-thumbnail","hentry","category-agenda","category-geral","tag-cavideo","tag-cinemao","tag-favela-na-tela","tag-mostra-criativos-populares"],"views":2765,"_links":{"self":[{"href":"https:\/\/matecomangu.org\/site\/wp-json\/wp\/v2\/posts\/1219","targetHints":{"allow":["GET"]}}],"collection":[{"href":"https:\/\/matecomangu.org\/site\/wp-json\/wp\/v2\/posts"}],"about":[{"href":"https:\/\/matecomangu.org\/site\/wp-json\/wp\/v2\/types\/post"}],"author":[{"embeddable":true,"href":"https:\/\/matecomangu.org\/site\/wp-json\/wp\/v2\/users\/1"}],"replies":[{"embeddable":true,"href":"https:\/\/matecomangu.org\/site\/wp-json\/wp\/v2\/comments?post=1219"}],"version-history":[{"count":1,"href":"https:\/\/matecomangu.org\/site\/wp-json\/wp\/v2\/posts\/1219\/revisions"}],"predecessor-version":[{"id":1221,"href":"https:\/\/matecomangu.org\/site\/wp-json\/wp\/v2\/posts\/1219\/revisions\/1221"}],"wp:featuredmedia":[{"embeddable":true,"href":"https:\/\/matecomangu.org\/site\/wp-json\/wp\/v2\/media\/1220"}],"wp:attachment":[{"href":"https:\/\/matecomangu.org\/site\/wp-json\/wp\/v2\/media?parent=1219"}],"wp:term":[{"taxonomy":"category","embeddable":true,"href":"https:\/\/matecomangu.org\/site\/wp-json\/wp\/v2\/categories?post=1219"},{"taxonomy":"post_tag","embeddable":true,"href":"https:\/\/matecomangu.org\/site\/wp-json\/wp\/v2\/tags?post=1219"}],"curies":[{"name":"wp","href":"https:\/\/api.w.org\/{rel}","templated":true}]}}