{"id":1737,"date":"2015-11-04T16:39:11","date_gmt":"2015-11-04T16:39:11","guid":{"rendered":"http:\/\/matecomangu.org\/site\/?p=1737"},"modified":"2015-11-05T16:39:50","modified_gmt":"2015-11-05T16:39:50","slug":"sera-votado-nesta-quinta-feira-o-plano-municipal-de-cultura-de-duque-de-caxias","status":"publish","type":"post","link":"https:\/\/matecomangu.org\/site\/sera-votado-nesta-quinta-feira-o-plano-municipal-de-cultura-de-duque-de-caxias\/","title":{"rendered":"Ser\u00e1 votado nesta quinta-feira o Plano Municipal de Cultura de Duque de Caxias"},"content":{"rendered":"<p>Foi confirmada para esta quinta-feira, dia 05\/11, na C\u00e2mara, a vota\u00e7\u00e3o do Plano Municipal de Cultura.<\/p>\n<p>O projeto j\u00e1 passou por todas as comiss\u00f5es da C\u00e2mara e deve ser aprovado em discuss\u00e3o \u00fanica.<\/p>\n<p>O Plano Municipal de Cultura \u00e9 uma exig\u00eancia para que a cidade se adeque ao Sistema Nacional de Cultura e servir\u00e1 com base para implementa\u00e7\u00f5es de pol\u00edticas p\u00fablicas. O Plano Municipal como est\u00e1 foi aprovado na \u00faltima Confer\u00eancia Municipal de Cultura, fruto de muitos anos de discuss\u00e3o e debates.<\/p>\n<p>A sess\u00e3o est\u00e1 marcada para as 17h30min e espera-se a presen\u00e7a de v\u00e1rios militantes da \u00e1rea cultural no plen\u00e1rio.<\/p>\n<p>A vota\u00e7\u00e3o seria semana passada mas foi adiada por falta de qu\u00f3rum.<\/p>\n<p>&nbsp;<\/p>\n","protected":false},"excerpt":{"rendered":"<p>Foi confirmada para esta quinta-feira, dia 05\/11, na C\u00e2mara, a vota\u00e7\u00e3o do Plano Municipal de Cultura. O projeto j\u00e1 passou por todas as comiss\u00f5es da C\u00e2mara e deve ser aprovado em discuss\u00e3o \u00fanica. O Plano Municipal de Cultura \u00e9 uma exig\u00eancia para que a cidade se adeque ao Sistema Nacional\u2026 <a class=\"continue-reading-link\" href=\"https:\/\/matecomangu.org\/site\/sera-votado-nesta-quinta-feira-o-plano-municipal-de-cultura-de-duque-de-caxias\/\">Ler o post inteiro<\/a><\/p>\n","protected":false},"author":1,"featured_media":0,"comment_status":"open","ping_status":"closed","sticky":false,"template":"","format":"standard","meta":{"footnotes":""},"categories":[3],"tags":[142,7,141],"class_list":["post-1737","post","type-post","status-publish","format-standard","hentry","category-geral","tag-cultura","tag-duque-de-caxias","tag-plano-municipal-de-cultura"],"views":1786,"_links":{"self":[{"href":"https:\/\/matecomangu.org\/site\/wp-json\/wp\/v2\/posts\/1737","targetHints":{"allow":["GET"]}}],"collection":[{"href":"https:\/\/matecomangu.org\/site\/wp-json\/wp\/v2\/posts"}],"about":[{"href":"https:\/\/matecomangu.org\/site\/wp-json\/wp\/v2\/types\/post"}],"author":[{"embeddable":true,"href":"https:\/\/matecomangu.org\/site\/wp-json\/wp\/v2\/users\/1"}],"replies":[{"embeddable":true,"href":"https:\/\/matecomangu.org\/site\/wp-json\/wp\/v2\/comments?post=1737"}],"version-history":[{"count":1,"href":"https:\/\/matecomangu.org\/site\/wp-json\/wp\/v2\/posts\/1737\/revisions"}],"predecessor-version":[{"id":1738,"href":"https:\/\/matecomangu.org\/site\/wp-json\/wp\/v2\/posts\/1737\/revisions\/1738"}],"wp:attachment":[{"href":"https:\/\/matecomangu.org\/site\/wp-json\/wp\/v2\/media?parent=1737"}],"wp:term":[{"taxonomy":"category","embeddable":true,"href":"https:\/\/matecomangu.org\/site\/wp-json\/wp\/v2\/categories?post=1737"},{"taxonomy":"post_tag","embeddable":true,"href":"https:\/\/matecomangu.org\/site\/wp-json\/wp\/v2\/tags?post=1737"}],"curies":[{"name":"wp","href":"https:\/\/api.w.org\/{rel}","templated":true}]}}