{"id":2572,"date":"2021-01-31T14:15:26","date_gmt":"2021-01-31T14:15:26","guid":{"rendered":"https:\/\/matecomangu.org\/site\/?p=2572"},"modified":"2021-02-21T01:20:44","modified_gmt":"2021-02-21T01:20:44","slug":"debate-da-sessao-por-uma-arqueologia-das-imagens-da-baixada-na-semana-semana","status":"publish","type":"post","link":"https:\/\/matecomangu.org\/site\/debate-da-sessao-por-uma-arqueologia-das-imagens-da-baixada-na-semana-semana\/","title":{"rendered":"Debate da sess\u00e3o Por Uma Arqueologia das Imagens da Baixada, na Semana Semana [26\/01\/2021]"},"content":{"rendered":"\n<figure class=\"wp-block-embed is-type-video is-provider-youtube wp-block-embed-youtube wp-embed-aspect-16-9 wp-has-aspect-ratio\"><div class=\"wp-block-embed__wrapper\">\nhttps:\/\/www.youtube.com\/watch?v=nguHl5zTAsY\n<\/div><\/figure>\n\n\n\n<h2 class=\"wp-block-heading\">Filmes e debate<\/h2>\n\n\n\n<figure class=\"wp-block-image\"><img decoding=\"async\" src=\"http:\/\/www.semana.art.br\/semanasemana\/wp-content\/uploads\/2021\/01\/Foto-Filme-Todo-dia-voce-vai-ter-que-olhar-pra-isso.jpg\" alt=\"\"\/><\/figure>\n\n\n\n<h2 class=\"wp-block-heading\">TODO DIA VOC\u00ca VAI TER QUE OLHAR PRA ISSO<\/h2>\n\n\n\n<p>11\u201937\u2019\u2019, 2020, Duque de Caxias, RJ<\/p>\n\n\n\n<h2 class=\"wp-block-heading\">Dire\u00e7\u00e3o<\/h2>\n\n\n\n<p>Heraldo HB<\/p>\n\n\n\n<h2 class=\"wp-block-heading\">Classifica\u00e7\u00e3o<\/h2>\n\n\n\n<p>Livre<\/p>\n\n\n\n<figure class=\"wp-block-image\"><img decoding=\"async\" src=\"http:\/\/www.semana.art.br\/semanasemana\/wp-content\/uploads\/2021\/01\/Copy-of-Foto-Filme-Praca-do-Pacificador-scaled.jpg\" alt=\"\"\/><\/figure>\n\n\n\n<h2 class=\"wp-block-heading\">PRA\u00c7A DO PACIFICADOR<\/h2>\n\n\n\n<p>13\u2019\u2019, 1993, Duque de Caxias\/RJ<\/p>\n\n\n\n<h2 class=\"wp-block-heading\">Dire\u00e7\u00e3o<\/h2>\n\n\n\n<p>Valter Fil\u00e9<\/p>\n\n\n\n<h2 class=\"wp-block-heading\">Classifica\u00e7\u00e3o<\/h2>\n\n\n\n<p>Livre<\/p>\n\n\n\n<figure class=\"wp-block-image\"><img decoding=\"async\" src=\"http:\/\/www.semana.art.br\/semanasemana\/wp-content\/uploads\/2021\/01\/arte-indigena_AraraCacique.jpg\" alt=\"\"\/><\/figure>\n\n\n\n<h2 class=\"wp-block-heading\">POR UMA ARQUEOLOGIA DAS IMAGENS DA BAIXADA<\/h2>\n\n\n\n<p>26 de janeiro de 2021 \u00e0s 19h<\/p>\n\n\n\n<h2 class=\"wp-block-heading\">Debatedores<\/h2>\n\n\n\n<p>Heraldo HB (TODO DIA VOC\u00ca VAI TER QUE OLHAR PRA ISSO), Valter Fil\u00e9 (PRA\u00c7A DO PACIFICADOR) Josinaldo Medeiros (favelado, cineasta, poeta e militante social), Adrielle Vieira (artista de rua, escritora, dan\u00e7ante, rapper, fot\u00f3grafa e educadora teatral), Jos\u00e9 Cl\u00e1udio (professor). Media\u00e7\u00e3o: Anne Santos (curadora, produtora e cineclubista)<\/p>\n\n\n\n<h2 class=\"wp-block-heading\">Classifica\u00e7\u00e3o<\/h2>\n\n\n\n<p>Livre<\/p>\n","protected":false},"excerpt":{"rendered":"<p>Filmes e debate TODO DIA VOC\u00ca VAI TER QUE OLHAR PRA ISSO 11\u201937\u2019\u2019, 2020, Duque de Caxias, RJ Dire\u00e7\u00e3o Heraldo HB Classifica\u00e7\u00e3o Livre PRA\u00c7A DO PACIFICADOR 13\u2019\u2019, 1993, Duque de Caxias\/RJ Dire\u00e7\u00e3o Valter Fil\u00e9 Classifica\u00e7\u00e3o Livre POR UMA ARQUEOLOGIA DAS IMAGENS DA BAIXADA 26 de janeiro de 2021 \u00e0s 19h\u2026 <a class=\"continue-reading-link\" href=\"https:\/\/matecomangu.org\/site\/debate-da-sessao-por-uma-arqueologia-das-imagens-da-baixada-na-semana-semana\/\">Ler o post inteiro<\/a><\/p>\n","protected":false},"author":1,"featured_media":2608,"comment_status":"open","ping_status":"closed","sticky":false,"template":"","format":"standard","meta":{"footnotes":""},"categories":[3],"tags":[],"class_list":["post-2572","post","type-post","status-publish","format-standard","has-post-thumbnail","hentry","category-geral"],"views":972,"_links":{"self":[{"href":"https:\/\/matecomangu.org\/site\/wp-json\/wp\/v2\/posts\/2572","targetHints":{"allow":["GET"]}}],"collection":[{"href":"https:\/\/matecomangu.org\/site\/wp-json\/wp\/v2\/posts"}],"about":[{"href":"https:\/\/matecomangu.org\/site\/wp-json\/wp\/v2\/types\/post"}],"author":[{"embeddable":true,"href":"https:\/\/matecomangu.org\/site\/wp-json\/wp\/v2\/users\/1"}],"replies":[{"embeddable":true,"href":"https:\/\/matecomangu.org\/site\/wp-json\/wp\/v2\/comments?post=2572"}],"version-history":[{"count":2,"href":"https:\/\/matecomangu.org\/site\/wp-json\/wp\/v2\/posts\/2572\/revisions"}],"predecessor-version":[{"id":2605,"href":"https:\/\/matecomangu.org\/site\/wp-json\/wp\/v2\/posts\/2572\/revisions\/2605"}],"wp:featuredmedia":[{"embeddable":true,"href":"https:\/\/matecomangu.org\/site\/wp-json\/wp\/v2\/media\/2608"}],"wp:attachment":[{"href":"https:\/\/matecomangu.org\/site\/wp-json\/wp\/v2\/media?parent=2572"}],"wp:term":[{"taxonomy":"category","embeddable":true,"href":"https:\/\/matecomangu.org\/site\/wp-json\/wp\/v2\/categories?post=2572"},{"taxonomy":"post_tag","embeddable":true,"href":"https:\/\/matecomangu.org\/site\/wp-json\/wp\/v2\/tags?post=2572"}],"curies":[{"name":"wp","href":"https:\/\/api.w.org\/{rel}","templated":true}]}}