{"id":2593,"date":"2021-02-18T02:05:06","date_gmt":"2021-02-18T02:05:06","guid":{"rendered":"https:\/\/matecomangu.org\/site\/?p=2593"},"modified":"2021-08-26T21:33:03","modified_gmt":"2021-08-26T21:33:03","slug":"debate-da-sessao-tio-clems-e-o-atlantico-negro-17-02-21","status":"publish","type":"post","link":"https:\/\/matecomangu.org\/site\/debate-da-sessao-tio-clems-e-o-atlantico-negro-17-02-21\/","title":{"rendered":"Debate da Sess\u00e3o Tio Clems e o Atl\u00e2ntico Negro [17\/02\/21]"},"content":{"rendered":"\n<figure class=\"wp-block-embed is-type-video is-provider-youtube wp-block-embed-youtube wp-embed-aspect-16-9 wp-has-aspect-ratio\"><div class=\"wp-block-embed__wrapper\">\n<iframe loading=\"lazy\" title=\"Debate da Sess\u00e3o Tio Clems e o Atl\u00e2ntico Negro [17\/02\/21]\" width=\"800\" height=\"450\" src=\"https:\/\/www.youtube.com\/embed\/iGbuc_ChpLQ?feature=oembed\" frameborder=\"0\" allow=\"accelerometer; autoplay; clipboard-write; encrypted-media; gyroscope; picture-in-picture; web-share\" referrerpolicy=\"strict-origin-when-cross-origin\" allowfullscreen><\/iframe>\n<\/div><\/figure>\n\n\n\n<p>Debate da sess\u00e3o Tio Clems e o Atl\u00e2ntico Negro, com a participa\u00e7\u00e3o de Clementino Junior e Nielson Bezerra, com media\u00e7\u00e3o de Anne Santos e Heraldo HB. Realizado em 17\/02\/2021.<\/p>\n","protected":false},"excerpt":{"rendered":"<p>Debate da sess\u00e3o Tio Clems e o Atl\u00e2ntico Negro, com a participa\u00e7\u00e3o de Clementino Junior e Nielson Bezerra, com media\u00e7\u00e3o de Anne Santos e Heraldo HB. Realizado em 17\/02\/2021. <a class=\"continue-reading-link\" href=\"https:\/\/matecomangu.org\/site\/debate-da-sessao-tio-clems-e-o-atlantico-negro-17-02-21\/\">Ler o post inteiro<\/a><\/p>\n","protected":false},"author":1,"featured_media":2595,"comment_status":"open","ping_status":"closed","sticky":false,"template":"","format":"standard","meta":{"footnotes":""},"categories":[3],"tags":[982,960,981,958,6,183,980,86,983],"class_list":["post-2593","post","type-post","status-publish","format-standard","has-post-thumbnail","hentry","category-geral","tag-atlantico-negro","tag-audiovisual","tag-can","tag-cineclubes-rj","tag-cineclubismo","tag-cinema-brasileiro","tag-clementino-junior","tag-rio-de-janeiro","tag-tio-clems"],"views":1140,"_links":{"self":[{"href":"https:\/\/matecomangu.org\/site\/wp-json\/wp\/v2\/posts\/2593","targetHints":{"allow":["GET"]}}],"collection":[{"href":"https:\/\/matecomangu.org\/site\/wp-json\/wp\/v2\/posts"}],"about":[{"href":"https:\/\/matecomangu.org\/site\/wp-json\/wp\/v2\/types\/post"}],"author":[{"embeddable":true,"href":"https:\/\/matecomangu.org\/site\/wp-json\/wp\/v2\/users\/1"}],"replies":[{"embeddable":true,"href":"https:\/\/matecomangu.org\/site\/wp-json\/wp\/v2\/comments?post=2593"}],"version-history":[{"count":2,"href":"https:\/\/matecomangu.org\/site\/wp-json\/wp\/v2\/posts\/2593\/revisions"}],"predecessor-version":[{"id":2597,"href":"https:\/\/matecomangu.org\/site\/wp-json\/wp\/v2\/posts\/2593\/revisions\/2597"}],"wp:featuredmedia":[{"embeddable":true,"href":"https:\/\/matecomangu.org\/site\/wp-json\/wp\/v2\/media\/2595"}],"wp:attachment":[{"href":"https:\/\/matecomangu.org\/site\/wp-json\/wp\/v2\/media?parent=2593"}],"wp:term":[{"taxonomy":"category","embeddable":true,"href":"https:\/\/matecomangu.org\/site\/wp-json\/wp\/v2\/categories?post=2593"},{"taxonomy":"post_tag","embeddable":true,"href":"https:\/\/matecomangu.org\/site\/wp-json\/wp\/v2\/tags?post=2593"}],"curies":[{"name":"wp","href":"https:\/\/api.w.org\/{rel}","templated":true}]}}