{"id":306,"date":"2010-09-09T22:19:44","date_gmt":"2010-09-09T22:19:44","guid":{"rendered":"http:\/\/matecomangu.wordpress.com\/?p=306"},"modified":"2010-09-09T22:19:44","modified_gmt":"2010-09-09T22:19:44","slug":"nos-e-eles-5x-e-a-midia","status":"publish","type":"post","link":"https:\/\/matecomangu.org\/site\/nos-e-eles-5x-e-a-midia\/","title":{"rendered":"N\u00f3s e Eles! 5x e a M\u00eddia."},"content":{"rendered":"<div id=\"attachment_307\" style=\"width: 460px\" class=\"wp-caption aligncenter\"><a href=\"http:\/\/matecomangu.files.wordpress.com\/2010\/09\/5x-favela.jpg\"><img loading=\"lazy\" decoding=\"async\" aria-describedby=\"caption-attachment-307\" class=\"size-full wp-image-307\" title=\"5x Favela\" src=\"http:\/\/matecomangu.files.wordpress.com\/2010\/09\/5x-favela.jpg\" alt=\"\" width=\"450\" height=\"337\" \/><\/a><p id=\"caption-attachment-307\" class=\"wp-caption-text\">Deixe a voz voar<\/p><\/div>\n<p>H\u00e1 dois anos atr\u00e1s fui convidado para participar de um programa de TV ao vivo onde o tema era o boom da produ\u00e7\u00e3o audiovisual na periferia. Se n\u00e3o me engano a mesa era formada por um representante do minist\u00e9rio da cultura, uma antrop\u00f3loga e um ativista cultural. Eu e mais um criador de filmes perif\u00e9ricos fomos colocados em uma pequena sala ao lado do est\u00fadio principal por que n\u00e3o cab\u00edamos, l\u00e1 s\u00f3 cabiam os tr\u00eas convidados e a apresentadora do programa. As interven\u00e7\u00f5es dos objetos, da tese que era debatida no est\u00fadio principal, s\u00f3 rolavam se solicitado a uma simp\u00e1tica produtora, que ent\u00e3o encaminhava via link \u00e0 apresentadora do programa. E quando havia uma pausa no debate, nos era dado um tempo pra falar. Para piorar a situa\u00e7\u00e3o, quando o programa estava terminando, um tiroteio come\u00e7ava l\u00e1 fora (a produtora, que era toda blindada, ficava no Rio Comprido e os morros estavam em guerra), est\u00e1vamos ao vivo, e o espectador mais atento poderia ouvir a trilha sonora especial enquanto a apresentadora se despedia com um sorriso amarelo. Essa experi\u00eancia foi emblem\u00e1tica pra mim e pra emissora. Um tempo depois, me disseram que fomos os \u00faltimos a participar do programa naquele formato.<\/p>\n<p>N\u00e3o tive como n\u00e3o lembrar desta cena, enquanto assistia ao Programa do J\u00f4 com o Cac\u00e1 Diegues, na \u00faltima quarta-feira. \u00a0O assunto era o <em>5x Favela<\/em> e os diretores do filme estavam na plat\u00e9ia. Pouca coisa pode ser ouvida daquelas pessoas que devem ter tido uma das experi\u00eancias mais fant\u00e1sticas de suas vidas. E aquele sof\u00e1 t\u00e3o grande, t\u00e3o vazio&#8230;<\/p>\n<p>Na sala escura \u00e9 o olhar destes cineastas perif\u00e9ricos que \u00e9 protagonista, mas sob os holofotes estas vozes n\u00e3o aparecem, nos curtos segundos televisivos que s\u00e3o dados aos nossos amigos eles tentam dizer o quanto de caro\u00e7o h\u00e1 por baixo desse angu, mas as perguntas prontas das rasas pautas da comunica\u00e7\u00e3o de massa n\u00e3o deixam, calam. \u00c9 um desperd\u00edcio de tempo, uma falta de criatividade e uma irresponsabilidade. O que poderia ser onda televisiva transmitindo novas vozes, ricas em nuances, perspectivas, posicionamento e criatividade \u00e9 cambiado pela cara de paisagem dos diretores do filme, meio constrangedor, meio triste.<\/p>\n<p>Tenho acompanhado a cobertura do 5x e s\u00f3 tem dado Cac\u00e1. \u00a0Quero ouvir meu amigo Cacau, sei o quanto tem a dizer. Quero ouvir o que a Mana\u00edra carrega no peito. Quero surpresa, novidade e brilho. N\u00e3o a mesmice. N\u00e3o que Cac\u00e1 seja a mesmice, Caca Diegues \u00e9 foda. Bato palma para a iniciativa e para o cora\u00e7\u00e3o que ele demonstrou ter. Mas a perspectiva \u00e9 a mesma. Com todo respeito do mundo Cac\u00e1, 5x n\u00e3o \u00e9 apenas um filme, \u00e9 algo muito maior.<\/p>\n<p>Tenho 30 anos e nunca vi uma pol\u00edtica t\u00e3o segregadora como agora vejo no Rio, a pol\u00edtica sem subst\u00e2ncia das UPP\u00b4s, clareia um novo mapa para o Rio de Janeiro: uma redoma esta sendo constru\u00edda para abrigar as Olimp\u00edadas e a Copa do Mundo, criando uma nova fronteira do que \u00e9 centro e o que \u00e9 periferia. Vejo muros sendo constru\u00eddos em volta de favelas, vejo ocupa\u00e7\u00f5es de sem teto sendo marginalizadas e desmobilizadas no centro da cidade, As fronteiras est\u00e3o cada vez mais claras, as distancias dilatam-se&#8230; e mais um centro cultural sendo constru\u00eddo no centro do Rio.<\/p>\n<p>O lan\u00e7amento do 5x \u00e9 uma oportunidade \u00fanica de dar voz aos que vivem al\u00e9m da linha vermelha, n\u00e3o adianta o Cac\u00e1 falar por eles. A mesma s\u00e1bia estrat\u00e9gia deste grande diretor do cinema novo de n\u00e3o interferir no olhar apresentado no filme, deveria ter sido encarada neste momento de colocar o filme na roda da grande m\u00eddia. O que se leu nos jornais e nas ondas do r\u00e1dio, foi a voz de sempre. Que vem \u201c<em>deles<\/em>\u201d e n\u00e3o de \u201c<em>n\u00f3s\u201d.<\/em><\/p>\n<p><em>\u00c9 noise,<\/em><\/p>\n<p><strong>Igor barradas<\/strong><br \/>\n<em>Cineclube MateCom Angu<\/em><br \/>\nO Cerol Fininho da Baixada<\/p>\n","protected":false},"excerpt":{"rendered":"<p>H\u00e1 dois anos atr\u00e1s fui convidado para participar de um programa de TV ao vivo onde o tema era o boom da produ\u00e7\u00e3o audiovisual na periferia. Se n\u00e3o me engano a mesa era formada por um representante do minist\u00e9rio da cultura, uma antrop\u00f3loga e um ativista cultural. Eu e mais\u2026 <a class=\"continue-reading-link\" href=\"https:\/\/matecomangu.org\/site\/nos-e-eles-5x-e-a-midia\/\">Ler o post inteiro<\/a><\/p>\n","protected":false},"author":1,"featured_media":0,"comment_status":"open","ping_status":"closed","sticky":false,"template":"","format":"standard","meta":{"footnotes":""},"categories":[3],"tags":[],"class_list":["post-306","post","type-post","status-publish","format-standard","hentry","category-geral"],"views":2833,"_links":{"self":[{"href":"https:\/\/matecomangu.org\/site\/wp-json\/wp\/v2\/posts\/306","targetHints":{"allow":["GET"]}}],"collection":[{"href":"https:\/\/matecomangu.org\/site\/wp-json\/wp\/v2\/posts"}],"about":[{"href":"https:\/\/matecomangu.org\/site\/wp-json\/wp\/v2\/types\/post"}],"author":[{"embeddable":true,"href":"https:\/\/matecomangu.org\/site\/wp-json\/wp\/v2\/users\/1"}],"replies":[{"embeddable":true,"href":"https:\/\/matecomangu.org\/site\/wp-json\/wp\/v2\/comments?post=306"}],"version-history":[{"count":0,"href":"https:\/\/matecomangu.org\/site\/wp-json\/wp\/v2\/posts\/306\/revisions"}],"wp:attachment":[{"href":"https:\/\/matecomangu.org\/site\/wp-json\/wp\/v2\/media?parent=306"}],"wp:term":[{"taxonomy":"category","embeddable":true,"href":"https:\/\/matecomangu.org\/site\/wp-json\/wp\/v2\/categories?post=306"},{"taxonomy":"post_tag","embeddable":true,"href":"https:\/\/matecomangu.org\/site\/wp-json\/wp\/v2\/tags?post=306"}],"curies":[{"name":"wp","href":"https:\/\/api.w.org\/{rel}","templated":true}]}}