{"id":3203,"date":"2024-04-22T20:26:56","date_gmt":"2024-04-22T20:26:56","guid":{"rendered":"https:\/\/matecomangu.org\/site\/?p=3203"},"modified":"2024-05-03T20:28:02","modified_gmt":"2024-05-03T20:28:02","slug":"sessao-assentamento-26-04-24","status":"publish","type":"post","link":"https:\/\/matecomangu.org\/site\/sessao-assentamento-26-04-24\/","title":{"rendered":"Sess\u00e3o Assentamento &#8211; 26\/04\/24"},"content":{"rendered":"\n<figure class=\"wp-block-image size-full\"><a href=\"https:\/\/matecomangu.org\/site\/wp-content\/uploads\/sessao-assentamento.jpg\"><img loading=\"lazy\" decoding=\"async\" width=\"800\" height=\"824\" src=\"https:\/\/matecomangu.org\/site\/wp-content\/uploads\/sessao-assentamento.jpg\" alt=\"\" class=\"wp-image-3204\" srcset=\"https:\/\/matecomangu.org\/site\/wp-content\/uploads\/sessao-assentamento.jpg 800w, https:\/\/matecomangu.org\/site\/wp-content\/uploads\/sessao-assentamento-291x300.jpg 291w, https:\/\/matecomangu.org\/site\/wp-content\/uploads\/sessao-assentamento-768x791.jpg 768w\" sizes=\"auto, (max-width: 800px) 100vw, 800px\" \/><\/a><\/figure>\n\n\n\n<p>al\u00f4, galere! olha a\u00ed quem t\u00e1 de volta na pra\u00e7a \ud83d\ude09<br>isso mesmo: s\u00e3o as sess\u00f5es regulares do mate voltando com tudo \u2013 e j\u00e1 no dia 26 pr\u00f3ximo vai rolar de-com-for\u00e7a exibi\u00e7\u00e3o de filmes e festan\u00e7a naquele jeito.<br>l\u00e1 no gomeia galp\u00e3o criativo, centro de caxias, pra sextar bunito, com entrada franca.<\/p>\n\n\n\n<p>&#8211;<br>\u201ca luta pela terra \u00e9 a m\u00e3e de todas as lutas\u201d<\/p>\n\n\n\n<p>&#8211;<\/p>\n\n\n\n<p><a><\/a> FILMES DA SESS\u00c3O<\/p>\n\n\n\n<p>1 Ano e 1 Dia, dire\u00e7\u00e3o de Cacau Amaral, Rafael Mazza e Jo\u00e3o Xavi<\/p>\n\n\n\n<p>O document\u00e1rio 1 ano e 1 dia retrata a comemora\u00e7\u00e3o dos moradores do acampamento 17 de Maio, na Baixada Fluminense, ap\u00f3s 366 dias de ocupa\u00e7\u00e3o do terreno, o que legalmente garantiu-lhes a posse da terra.<\/p>\n\n\n\n<p>Roteiro: Cacau Amaral e Fotografia: Rafael Mazza; Operador de C\u00e2mera: Rafael Mazza e Cacau Amaral; Dire\u00e7\u00e3o de Arte: Marcela Chaves; Som: Jo\u00e3o Xavi; Edi\u00e7\u00e3o de Som: Cacau Amaral e Rafael Mazza; M\u00fasica: Poder Consciente; Edi\u00e7\u00e3o: Cacau Amaral e Rafael Mazza.<\/p>\n\n\n\n<p>15 min, 2004, Brasil.<\/p>\n\n\n\n<p>Agricultura Familiar &#8211; 200 anos de conflito, dire\u00e7\u00e3o Roger Hitz<\/p>\n\n\n\n<p>Atrav\u00e9s de dois assentamentos, Terra Prometida em Duque de Caxias e Campo Alegre, em Nova-Igua\u00e7u e da experi\u00eancia Agroecol\u00f3gica da Horta do Archanjo em Vargem Grande, o filme faz um breve recorte da Agricultura Familiar, principalmente na Baixada Fluminense. Sua resist\u00eancia e desenvolvimento em 200 anos de Brasil independente; suas rela\u00e7\u00f5es com o Estado e o acesso a pol\u00edticas p\u00fablicas, do Imp\u00e9rio aos dias de hoje.<\/p>\n\n\n\n<p>Dire\u00e7\u00e3o e Edi\u00e7\u00e3o: Roger Hitz; Assistente de dire\u00e7\u00e3o e Still: Jorge Ferreira; Dire\u00e7\u00e3o de Fotografia: Raphael Boccanera; C\u00e2mera e Operador de Drone: F\u00e9lix Milesi e Raphael Boccanera; Assistente de Edi\u00e7\u00e3o e Pesquisa: Kamille Silva; Produ\u00e7\u00e3o e Pesquisa: Raquel Batalha; Coordena\u00e7\u00e3o: Marcio Oliveira; Produ\u00e7\u00e3o de Set: Marcelo Sampa; Som Direto: Roger Hitz; Mixagem e Masteriza\u00e7\u00e3o: Marcio Oliveira; Trilha Sonora: Roger Hitz, Miguel Arcanjo e Orquestra Barrac\u00e3o; Produ\u00e7\u00e3o: TVHitz.online e Caki Produ\u00e7\u00f5es.<\/p>\n\n\n\n<p>40 min, 2024, Brasil.&nbsp;&nbsp;<\/p>\n\n\n\n<p>Papagaio Verde, dire\u00e7\u00e3o de Anderson Lima<\/p>\n\n\n\n<p>Existem momentos em que a liberdade do papagaio \u00e9 vista de m\u00faltiplas formas. Curta produzido na Ocupa\u00e7\u00e3o Izidora, regi\u00e3o metropolitana de Belo Horizonte, como resultado da OPALA &#8211; Oficina de Produ\u00e7\u00e3o e Alfabetiza\u00e7\u00e3o Audiovisual.<\/p>\n\n\n\n<p>Dire\u00e7\u00e3o: Anderson Lima; Produ\u00e7\u00e3o: Edinho Vieira; Realiza\u00e7\u00e3o: CineCip\u00f3 &#8211; Festival de Cinema Insurgente; Coordena\u00e7\u00e3o do Festival: Cardes Card\u00eas e Daniela Pimentel.<\/p>\n\n\n\n<p>8 min37s, 2017, MG.&nbsp;<\/p>\n\n\n\n<p>Festa com DJ Cavalcanti<\/p>\n\n\n\n<p>&#8211;<\/p>\n\n\n\n<p><a><\/a> No Brasil, os grandes latifundi\u00e1rios de terra s\u00e3o os donos das telas. \u00c9 tudo primo. A terra, o ch\u00e3o, \u00e9 a base, a firmeza. A tela \u00e9 o imagin\u00e1rio, a can\u00e7\u00e3o, a hist\u00f3ria, o sonho. E apesar da vastid\u00e3o que s\u00e3o estes elementos no Brasil, da fartura de terra e de toda poesia que h\u00e1 nela, a ordem vigente, armada por seus ex\u00e9rcitos e seus sentimentos de posse e poder, trabalham dia e noite para implantar a tristeza, a fome e a degrada\u00e7\u00e3o.<br><br>Agora, o que eles n\u00e3o contam \u00e9 com n\u00f3s, que sempre fomos capazes de produzir uma vida alegre, satisfat\u00f3ria, em comunh\u00e3o com a natureza e com nossos pares. \u00c9 assim que a gente bate de frente. Eles acham que tem tudo e vivem num mundo rarefeito. J\u00e1 n\u00f3s, que n\u00e3o temos nada, temos tudo! Somos fartos de tudo aquilo que \u00e9 necess\u00e1rio para uma vida porreta. Abund\u00e2ncia amorosa versus mesquinharia e muquiranagem. Mal sabem eles.<br><br>Como vaticina o grande Os\u00e9ias Carvalho, personagem do nosso 1 Ano e 1 Dia, no Brasil \u00e9 98% pobre. Eles n\u00e3o v\u00e3o distorcer a luta da classe trabalhadora. N\u00e3o v\u00e3o! Os podres poderes v\u00e3o continuar tentando. Mas a hist\u00f3ria de homens e mulheres dignos que constru\u00edram esse pa\u00eds n\u00e3o ser\u00e1 apagada, n\u00e3o vamos abaixar a cabe\u00e7a. Nunca. Eles podem esquecer, nunca vamos deixar que as injusti\u00e7as sejam apagadas da hist\u00f3ria. Sempre haver\u00e1, cada vez mais, lutas e filmes como os que voc\u00eas ver\u00e3o essa noite. E assim, eles ter\u00e3o pesadelos com a guilhotina em seus pesco\u00e7os e n\u00f3s teremos sonhos, de uma vida diversa, farta e amorosa. T\u00e1 dito!<br><br>Por toda essa luta, pelo direito a uma vida farta de dignidade, sa\u00fade e prazer, que celebraremos os 20 anos de 1 Ano e 1 Dia e todo Cinema produzido no front. Dan\u00e7aremos com firmeza no ch\u00e3o do Gomeia essa noite, com a cabe\u00e7a no lugar, no sonho por um mundo justo!<\/p>\n\n\n\n<p>Abra\u00e7os&nbsp;<\/p>\n\n\n\n<p><strong>cineclube mate com angu<\/strong><br>terra e telas para todos!<\/p>\n\n\n\n<p><br>&#8211;<br>As pr\u00f3ximas sess\u00f5es do cineclube Mate Com Angu contam com recursos da Secretaria de Estado de Cultura e Economia Criativa do Rio de Janeiro, atrav\u00e9s do Edital Apoio \u00e0 Forma\u00e7\u00e3o e Difus\u00e3o do Audiovisual \u2013 Projetando Saberes &#8211; LEI PAULO GUSTAVO.<br>&#8211;<br><a href=\"https:\/\/www.instagram.com\/explore\/tags\/cineclubismo\/\">#cineclubismo<\/a> <a href=\"https:\/\/www.instagram.com\/explore\/tags\/matecomangu\/\">#matecomangu<\/a> <a href=\"https:\/\/www.instagram.com\/explore\/tags\/baixadafilma\/\">#baixadafilma<\/a> <a href=\"https:\/\/www.instagram.com\/explore\/tags\/cinemabrasileiro\/\">#cinemabrasileiro<\/a><\/p>\n","protected":false},"excerpt":{"rendered":"<p>al\u00f4, galere! olha a\u00ed quem t\u00e1 de volta na pra\u00e7a \ud83d\ude09isso mesmo: s\u00e3o as sess\u00f5es regulares do mate voltando com tudo \u2013 e j\u00e1 no dia 26 pr\u00f3ximo vai rolar de-com-for\u00e7a exibi\u00e7\u00e3o de filmes e festan\u00e7a naquele jeito.l\u00e1 no gomeia galp\u00e3o criativo, centro de caxias, pra sextar bunito, com entrada\u2026 <a class=\"continue-reading-link\" href=\"https:\/\/matecomangu.org\/site\/sessao-assentamento-26-04-24\/\">Ler o post inteiro<\/a><\/p>\n","protected":false},"author":1,"featured_media":0,"comment_status":"open","ping_status":"closed","sticky":false,"template":"","format":"standard","meta":{"footnotes":""},"categories":[3],"tags":[],"class_list":["post-3203","post","type-post","status-publish","format-standard","hentry","category-geral"],"views":629,"_links":{"self":[{"href":"https:\/\/matecomangu.org\/site\/wp-json\/wp\/v2\/posts\/3203","targetHints":{"allow":["GET"]}}],"collection":[{"href":"https:\/\/matecomangu.org\/site\/wp-json\/wp\/v2\/posts"}],"about":[{"href":"https:\/\/matecomangu.org\/site\/wp-json\/wp\/v2\/types\/post"}],"author":[{"embeddable":true,"href":"https:\/\/matecomangu.org\/site\/wp-json\/wp\/v2\/users\/1"}],"replies":[{"embeddable":true,"href":"https:\/\/matecomangu.org\/site\/wp-json\/wp\/v2\/comments?post=3203"}],"version-history":[{"count":1,"href":"https:\/\/matecomangu.org\/site\/wp-json\/wp\/v2\/posts\/3203\/revisions"}],"predecessor-version":[{"id":3205,"href":"https:\/\/matecomangu.org\/site\/wp-json\/wp\/v2\/posts\/3203\/revisions\/3205"}],"wp:attachment":[{"href":"https:\/\/matecomangu.org\/site\/wp-json\/wp\/v2\/media?parent=3203"}],"wp:term":[{"taxonomy":"category","embeddable":true,"href":"https:\/\/matecomangu.org\/site\/wp-json\/wp\/v2\/categories?post=3203"},{"taxonomy":"post_tag","embeddable":true,"href":"https:\/\/matecomangu.org\/site\/wp-json\/wp\/v2\/tags?post=3203"}],"curies":[{"name":"wp","href":"https:\/\/api.w.org\/{rel}","templated":true}]}}