{"id":705,"date":"2012-07-30T04:55:33","date_gmt":"2012-07-30T04:55:33","guid":{"rendered":"http:\/\/matecomangu.wordpress.com\/?p=705"},"modified":"2012-07-30T04:55:33","modified_gmt":"2012-07-30T04:55:33","slug":"ceilandia-e-aqui","status":"publish","type":"post","link":"https:\/\/matecomangu.org\/site\/ceilandia-e-aqui\/","title":{"rendered":"Ceil\u00e2ndia \u00e9 Aqui!"},"content":{"rendered":"<p><a href=\"http:\/\/matecomangu.files.wordpress.com\/2012\/07\/a-cidade-c3a9-uma-sc3b3_junho_2012.jpeg\"><img decoding=\"async\" class=\"size-full wp-image\" src=\"http:\/\/matecomangu.files.wordpress.com\/2012\/07\/a-cidade-c3a9-uma-sc3b3_junho_2012.jpeg?w=487\" alt=\"Imagem\" \/><\/a><\/p>\n<p><strong>Nada deveria parecer imposs\u00edvel de mudar,<\/strong> mas vem chegando o tempo das urnas e vai batendo um des\u00e2nimo, um desagrad\u00e1vel deja-v\u00f9&#8230; Se esse modelo que h\u00e1 a\u00ed nos faz baga\u00e7o. Se temos jogos ol\u00edmpicos esmagando direitos humanos, se temos lavagem de dinheiro pra ver a bola rolar, enquanto a C\u00fapula dos Povos acontecia pulsante no apraz\u00edvel Aterro do Flamengo, Duque de Caxias tinha montanhas de lixo em cada esquina. Um esgoto de corrup\u00e7\u00e3o, negociatas esp\u00farias e hipocrisia sustentando a imagem da bem intencionada confer\u00eancia internacional. \u00a0O fedor impregna e sufoca em nome da beleza das boas inten\u00e7\u00f5es. Descendo a ladeira, l\u00e1 vem o Brasil.<\/p>\n<p>Rio, patrim\u00f4nio natural da humanidade, assim como a arquitetura de Brasilia. Ceil\u00e2ndia \u00e9 Caxias, Caxias \u00e9 Ceil\u00e2ndia. Na sombra da beleza que causa espanto, cidades caladas sustentam um bonito horizonte que mais parece miragem.<\/p>\n<p>A beleza pode ser terr\u00edvel: at\u00e9 Hitler queria um mundo mais belo. S\u00f3 a beleza desmonta o selvagem King Kong que h\u00e1 dentro de nossa revolta. A perfei\u00e7\u00e3o sufoca e massacra o candango, encobre a demanda por um mundo mais justo e coerente. O marqueteiro na reuni\u00e3o da prefeitura j\u00e1 dizia: \u201cdeixe de lado, n\u00e3o temos problemas de imagem\u201d. Haja verbo gasto &#8211; e verba &#8211; para fugir o olhar do essencial. \u201cCansa ser t\u00e3o duro e manter o bolso cheio\u201d.<\/p>\n<p>Est\u00e9tica \u00e9 \u00e9tica. Os fins n\u00e3o justificam os meios &#8211; quem vai pagar a conta? Alan Resnais j\u00e1 dizia &#8211; somos todos respons\u00e1veis; uma hora a casa cai e n\u00e3o vai adiantar ir chorar no colo da mam\u00e3e. Fa\u00e7amos algo. A come\u00e7ar, olhando para onde pisamos, onde moramos. Em nossos cora\u00e7\u00f5es. N\u00e3o acredite no que te vendem pra frente e nem nas tradi\u00e7\u00f5es, esvazie a cabe\u00e7a e olhe o mundo em volta. Ele \u00e9 novo, rico e cheio de pot\u00eancia. Recrie.<\/p>\n<p>E assim \u00e9 o filme de Adirley Queir\u00f3s. \u201cA cidade \u00e9 uma s\u00f3?\u201d faz escolhas com lucidez. Fabulando a realidade e o fazer cinematogr\u00e1fico, Adirley, esse her\u00f3i cinematogr\u00e1fico, vai driblando as armadilhas dessa arte burguesa e trilhando uma ideia de cinema verdadeiramente popular. Sem ran\u00e7os ou rancores, mas com muita dor, esse filme prop\u00f5e atrav\u00e9s de seus personagens um mundo poss\u00edvel no agora. Mesmo tendo um cen\u00e1rio t\u00e3o seco e cheio de poeira, com seus podres poderes e sob a sombra de belas e in\u00f3cuas bandeiras, os personagens partem pra cima e fazem da vida um ato de integridade.<\/p>\n<p>E assim seguimos&#8230; Mais uma elei\u00e7\u00e3o vem a\u00ed e as Ceil\u00e2ndias continuam belas e crueis em suas lutas amorosas em nome da Vida. Viva o Cinema.<\/p>\n<p><strong>Abra\u00e7os candangos,<\/strong><br \/>\n<em><strong> Cineclube Mate Com Angu<\/strong><\/em><br \/>\n<em><strong> 10 anos de nordeste universal<\/strong><\/em><\/p>\n<div id=\"attachment_712\" style=\"width: 490px\" class=\"wp-caption aligncenter\"><a href=\"http:\/\/matecomangu.files.wordpress.com\/2012\/07\/angu-adirley.jpg\"><img loading=\"lazy\" decoding=\"async\" aria-describedby=\"caption-attachment-712\" class=\"size-full wp-image-712\" title=\"Angu de Ouro - Dias de Greve\" src=\"http:\/\/matecomangu.files.wordpress.com\/2012\/07\/angu-adirley.jpg\" alt=\"\" width=\"480\" height=\"320\" \/><\/a><p id=\"caption-attachment-712\" class=\"wp-caption-text\">Adirley recebendo em sua casa o pr\u00eamio &#8220;Angu de Ouro 2011&#8221; por &#8220;Dias de Greve&#8221;.<\/p><\/div>\n<p><strong>PROGRAMA<\/strong><\/p>\n<p dir=\"ltr\"><strong><em>A cidade \u00e9 uma s\u00f3?<\/em>, de Adirley Queir\u00f3s<\/strong><\/p>\n<p>Reflex\u00e3o sobre os 50 anos de Bras\u00edlia, tendo como foco a discuss\u00e3o sobre o processo permanente de exclus\u00e3o territorial e social que uma parcela consider\u00e1vel da popula\u00e7\u00e3o do Distrito Federal e do Entorno sofre, e de como essas pessoas restabelecem a ordem social atrav\u00e9s do cotidiano. O ponto de partida dessa reflex\u00e3o \u00e9 a chamada Campanha de Erradica\u00e7\u00e3o de Invas\u00f5es (CEI), que, em 1971, removeu os barracos que ocupavam os arredores da ent\u00e3o jovem Bras\u00edlia. Tendo a CEIL\u00c2NDIA como refer\u00eancia hist\u00f3rica, os personagens do filme vivem e presenciam as mudan\u00e7as da cidade.<br \/>\nElenco: Dilmar Dur\u00e3es, Wellington Abreu, Nancy Ara\u00fajo, Rosa Maria, Yuri Pierri.<br \/>\nDire\u00e7\u00e3o e roteiro: Adirley Queir\u00f3s<br \/>\nProdu\u00e7\u00e3o: Adirley Queir\u00f3s, Andr\u00e9 Carvalheira<br \/>\nDire\u00e7\u00e3o de fotografia: Leonardo Feliciano<br \/>\nMontagem: Marcius Barbieri<br \/>\nPr\u00eamio da Cr\u00edtica na Mostra de Tiradentes (2012).<br \/>\nMen\u00e7\u00e3o Honrosa na Semana dos Realizadores (2011)<br \/>\nDF \u2013 2011 &#8211; 73min<\/p>\n<p><a href=\"https:\/\/vimeo.com\/44499067\">Assista o trailer!<\/a><\/p>\n<p><strong><em>Trabalho Descart\u00e1vel,<\/em> de Dayana C\u00eah<\/strong><br \/>\nBastidores da contrata\u00e7\u00e3o de pessoas para trabalhar nas elei\u00e7\u00f5es e a for\u00e7a do dinheiro nesta rela\u00e7\u00e3o.<br \/>\nRJ &#8211; 2009 &#8211; 7min &#8211; Maca\u00e9 &#8211; RJ<\/p>\n<p><iframe loading=\"lazy\" width=\"800\" height=\"450\" src=\"https:\/\/www.youtube.com\/embed\/Sd9LAs8Fh7w?feature=oembed\" frameborder=\"0\" allowfullscreen><\/iframe><\/p>\n<p><strong>Festa!<\/strong><br \/>\nDJ Rodrigo Cavalcanti<br \/>\nDJ Saddock<\/p>\n<p><strong>Programa\u00e7\u00e3o dentro do Enearte 2012!<\/strong><\/p>\n","protected":false},"excerpt":{"rendered":"<p>Nada deveria parecer imposs\u00edvel de mudar, mas vem chegando o tempo das urnas e vai batendo um des\u00e2nimo, um desagrad\u00e1vel deja-v\u00f9&#8230; Se esse modelo que h\u00e1 a\u00ed nos faz baga\u00e7o. Se temos jogos ol\u00edmpicos esmagando direitos humanos, se temos lavagem de dinheiro pra ver a bola rolar, enquanto a C\u00fapula\u2026 <a class=\"continue-reading-link\" href=\"https:\/\/matecomangu.org\/site\/ceilandia-e-aqui\/\">Ler o post inteiro<\/a><\/p>\n","protected":false},"author":1,"featured_media":0,"comment_status":"open","ping_status":"closed","sticky":false,"template":"","format":"standard","meta":{"footnotes":""},"categories":[1],"tags":[],"class_list":["post-705","post","type-post","status-publish","format-standard","hentry","category-video"],"views":2043,"_links":{"self":[{"href":"https:\/\/matecomangu.org\/site\/wp-json\/wp\/v2\/posts\/705","targetHints":{"allow":["GET"]}}],"collection":[{"href":"https:\/\/matecomangu.org\/site\/wp-json\/wp\/v2\/posts"}],"about":[{"href":"https:\/\/matecomangu.org\/site\/wp-json\/wp\/v2\/types\/post"}],"author":[{"embeddable":true,"href":"https:\/\/matecomangu.org\/site\/wp-json\/wp\/v2\/users\/1"}],"replies":[{"embeddable":true,"href":"https:\/\/matecomangu.org\/site\/wp-json\/wp\/v2\/comments?post=705"}],"version-history":[{"count":0,"href":"https:\/\/matecomangu.org\/site\/wp-json\/wp\/v2\/posts\/705\/revisions"}],"wp:attachment":[{"href":"https:\/\/matecomangu.org\/site\/wp-json\/wp\/v2\/media?parent=705"}],"wp:term":[{"taxonomy":"category","embeddable":true,"href":"https:\/\/matecomangu.org\/site\/wp-json\/wp\/v2\/categories?post=705"},{"taxonomy":"post_tag","embeddable":true,"href":"https:\/\/matecomangu.org\/site\/wp-json\/wp\/v2\/tags?post=705"}],"curies":[{"name":"wp","href":"https:\/\/api.w.org\/{rel}","templated":true}]}}